{"id":315,"date":"2016-12-01T14:43:43","date_gmt":"2016-12-01T14:43:43","guid":{"rendered":"https:\/\/www.spadreams.se\/blog\/?p=315"},"modified":"2019-10-17T10:13:20","modified_gmt":"2019-10-17T10:13:20","slug":"kakor-med-havregryn-och-valnotter","status":"publish","type":"post","link":"https:\/\/www.spadreams.se\/blog\/kakor-med-havregryn-och-valnotter\/","title":{"rendered":"Kakor med havregryn och valn\u00f6tter"},"content":{"rendered":"<p>L\u00e4ckra, saftiga, n\u00f6tiga, smuliga och \u2013 allt efter tycke och smak \u2013 dessutom med choklad: V\u00e5ra kakor med havregryn och valn\u00f6tter \u00e4r de perfekta julkakorna f\u00f6r alla smaker, och du bakar dem supersnabbt.<!--more--><\/p>\n<p><strong>Ingredienser:<\/strong><img decoding=\"async\" loading=\"lazy\" class=\"wp-image-317 size-medium alignright\" src=\"https:\/\/www.spadreams.se\/blog\/wp-content\/uploads\/sites\/6\/2016\/12\/Haferflocken-e1480599005906-300x278.png\" alt=\"\" width=\"300\" height=\"278\" srcset=\"https:\/\/www.spadreams.se\/blog\/wp-content\/uploads\/sites\/6\/2016\/12\/Haferflocken-e1480599005906-300x278.png 300w, https:\/\/www.spadreams.se\/blog\/wp-content\/uploads\/sites\/6\/2016\/12\/Haferflocken-e1480599005906-600x555.png 600w, https:\/\/www.spadreams.se\/blog\/wp-content\/uploads\/sites\/6\/2016\/12\/Haferflocken-e1480599005906.png 606w\" sizes=\"(max-width: 300px) 100vw, 300px\" \/><\/p>\n<ul>\n<li>50 g mj\u00f6l<\/li>\n<li>1 tsk bakpulver<\/li>\n<li>1 msk (8g) vaniljsocker<\/li>\n<li>100 g socker<\/li>\n<li>1 \u00e4gg<\/li>\n<li>125 g sm\u00f6r<\/li>\n<li>100 g malda valn\u00f6tter<\/li>\n<li>150 g havregryn<\/li>\n<li>125 g sm\u00e4lt choklad eller kakglasyrr<\/li>\n<\/ul>\n<p><strong>S\u00e5 h\u00e4r g\u00f6r du:<\/strong><\/p>\n<p>V\u00e4rm ugnen till 180 \u00b0C (varmluft: 160 \u00b0C).<\/p>\n<p>Sikta mj\u00f6let med bakpulvret i en sk\u00e5l. R\u00f6r sedan ner socker, vaniljsocker, \u00e4gg, rom och sm\u00f6r skuret i bitar och arbeta ihop till en smidig deg. Tills\u00e4tt slutligen havregryn och valn\u00f6tter. Anv\u00e4nd ett par teskedar och ta valn\u00f6tsstora bitar av degen, l\u00e4gg dessa ganska glest p\u00e5 en pl\u00e5t med bakpl\u00e5tspapper och gr\u00e4dda 10\u201315 minuter.<\/p>\n<p>Ta ut kakorna ur ugnen och l\u00e5t dem svalna lite. Sm\u00e4lt under tiden chokladen\/kakglasyren. Doppa kakorna i den sm\u00e4lta glasyren eller dekorera med den och l\u00e5t dem torka.<\/p>\n<p>Vi fr\u00e5n Spa Dreams hoppas att det smakar!<\/p>\n<p>Medan kakorna gr\u00e4ddas kan du \u00e4ven kolla in v\u00e5ra hotell med olika julprogram om du i sista minuten skulle bli sugen p\u00e5 att \u00e5ka bort \u00f6ver helgdagarna: <a href=\"https:\/\/www.spadreams.se\/julresor\/\">www.spadreams.se\/julresor\/<\/a><\/p>\n","protected":false},"excerpt":{"rendered":"<p>L\u00e4ckra, saftiga, n\u00f6tiga, smuliga och \u2013 allt efter tycke och smak \u2013 dessutom med choklad: V\u00e5ra kakor med havregryn och valn\u00f6tter \u00e4r de perfekta julkakorna f\u00f6r alla smaker, och du bakar dem supersnabbt.<\/p>\n","protected":false},"author":3,"featured_media":1403,"comment_status":"closed","ping_status":"closed","sticky":false,"template":"","format":"standard","meta":{"wprm-recipe-roundup-name":"","wprm-recipe-roundup-description":"","footnotes":""},"categories":[21],"tags":[56,57,115,234,235,236,275,277,280,283,394,395,396],"yoast_head":"<!-- This site is optimized with the Yoast SEO plugin v22.6 - https:\/\/yoast.com\/wordpress\/plugins\/seo\/ -->\n<title>Kakor med havregryn och valn\u00f6tter<\/title>\n<meta name=\"description\" content=\"L\u00e4ckra, saftiga, n\u00f6tiga, smuliga och \u2013 allt efter tycke och smak \u2013 dessutom med choklad: V\u00e5ra kakor med havregryn och valn\u00f6tter \u00e4r de perfekta julkakorna.\" \/>\n<meta name=\"robots\" content=\"index, follow, max-snippet:-1, max-image-preview:large, max-video-preview:-1\" \/>\n<meta property=\"og:locale\" content=\"sv_SE\" \/>\n<meta property=\"og:type\" content=\"article\" \/>\n<meta property=\"og:title\" content=\"Kakor med havregryn och valn\u00f6tter\" \/>\n<meta property=\"og:description\" content=\"L\u00e4ckra, saftiga, n\u00f6tiga, smuliga och \u2013 allt efter tycke och smak \u2013 dessutom med choklad: V\u00e5ra kakor med havregryn och valn\u00f6tter \u00e4r de perfekta julkakorna.\" \/>\n<meta property=\"og:url\" content=\"https:\/\/www.spadreams.se\/blog\/kakor-med-havregryn-och-valnotter\/\" \/>\n<meta property=\"og:site_name\" content=\"SpaDreams Blogg\" \/>\n<meta property=\"article:published_time\" content=\"2016-12-01T14:43:43+00:00\" \/>\n<meta property=\"article:modified_time\" content=\"2019-10-17T10:13:20+00:00\" \/>\n<meta property=\"og:image\" content=\"https:\/\/www.spadreams.se\/blog\/wp-content\/uploads\/sites\/6\/2016\/12\/cookie-keks-biscuit.jpg\" \/>\n\t<meta property=\"og:image:width\" content=\"1024\" \/>\n\t<meta property=\"og:image:height\" content=\"682\" \/>\n\t<meta property=\"og:image:type\" content=\"image\/jpeg\" \/>\n<meta name=\"author\" content=\"DJE\" \/>\n<meta name=\"twitter:card\" content=\"summary_large_image\" \/>\n<meta name=\"twitter:label1\" content=\"Skriven av\" \/>\n\t<meta name=\"twitter:data1\" content=\"DJE\" \/>\n\t<meta name=\"twitter:label2\" content=\"Ber\u00e4knad l\u00e4stid\" \/>\n\t<meta name=\"twitter:data2\" content=\"1 minut\" \/>\n<script type=\"application\/ld+json\" class=\"yoast-schema-graph\">{\"@context\":\"https:\/\/schema.org\",\"@graph\":[{\"@type\":\"WebPage\",\"@id\":\"https:\/\/www.spadreams.se\/blog\/kakor-med-havregryn-och-valnotter\/\",\"url\":\"https:\/\/www.spadreams.se\/blog\/kakor-med-havregryn-och-valnotter\/\",\"name\":\"Kakor med havregryn och valn\u00f6tter\",\"isPartOf\":{\"@id\":\"https:\/\/www.spadreams.se\/blog\/#website\"},\"primaryImageOfPage\":{\"@id\":\"https:\/\/www.spadreams.se\/blog\/kakor-med-havregryn-och-valnotter\/#primaryimage\"},\"image\":{\"@id\":\"https:\/\/www.spadreams.se\/blog\/kakor-med-havregryn-och-valnotter\/#primaryimage\"},\"thumbnailUrl\":\"https:\/\/www.spadreams.se\/blog\/wp-content\/uploads\/sites\/6\/2016\/12\/cookie-keks-biscuit.jpg\",\"datePublished\":\"2016-12-01T14:43:43+00:00\",\"dateModified\":\"2019-10-17T10:13:20+00:00\",\"author\":{\"@id\":\"https:\/\/www.spadreams.se\/blog\/#\/schema\/person\/cf085b511fa3785fc374149904eba393\"},\"description\":\"L\u00e4ckra, saftiga, n\u00f6tiga, smuliga och \u2013 allt efter tycke och smak \u2013 dessutom med choklad: V\u00e5ra kakor med havregryn och valn\u00f6tter \u00e4r de perfekta julkakorna.\",\"breadcrumb\":{\"@id\":\"https:\/\/www.spadreams.se\/blog\/kakor-med-havregryn-och-valnotter\/#breadcrumb\"},\"inLanguage\":\"sv-SE\",\"potentialAction\":[{\"@type\":\"ReadAction\",\"target\":[\"https:\/\/www.spadreams.se\/blog\/kakor-med-havregryn-och-valnotter\/\"]}]},{\"@type\":\"ImageObject\",\"inLanguage\":\"sv-SE\",\"@id\":\"https:\/\/www.spadreams.se\/blog\/kakor-med-havregryn-och-valnotter\/#primaryimage\",\"url\":\"https:\/\/www.spadreams.se\/blog\/wp-content\/uploads\/sites\/6\/2016\/12\/cookie-keks-biscuit.jpg\",\"contentUrl\":\"https:\/\/www.spadreams.se\/blog\/wp-content\/uploads\/sites\/6\/2016\/12\/cookie-keks-biscuit.jpg\",\"width\":1024,\"height\":682},{\"@type\":\"BreadcrumbList\",\"@id\":\"https:\/\/www.spadreams.se\/blog\/kakor-med-havregryn-och-valnotter\/#breadcrumb\",\"itemListElement\":[{\"@type\":\"ListItem\",\"position\":1,\"name\":\"Home\",\"item\":\"https:\/\/www.spadreams.se\/blog\/\"},{\"@type\":\"ListItem\",\"position\":2,\"name\":\"Kosth\u00e5llning\",\"item\":\"https:\/\/www.spadreams.se\/blog\/kosthallning\/\"},{\"@type\":\"ListItem\",\"position\":3,\"name\":\"Kakor med havregryn och valn\u00f6tter\"}]},{\"@type\":\"WebSite\",\"@id\":\"https:\/\/www.spadreams.se\/blog\/#website\",\"url\":\"https:\/\/www.spadreams.se\/blog\/\",\"name\":\"SpaDreams Blogg\",\"description\":\"Din guide f\u00f6r h\u00e4lsa &amp; wellness resor.\",\"potentialAction\":[{\"@type\":\"SearchAction\",\"target\":{\"@type\":\"EntryPoint\",\"urlTemplate\":\"https:\/\/www.spadreams.se\/blog\/?s={search_term_string}\"},\"query-input\":\"required name=search_term_string\"}],\"inLanguage\":\"sv-SE\"},{\"@type\":\"Person\",\"@id\":\"https:\/\/www.spadreams.se\/blog\/#\/schema\/person\/cf085b511fa3785fc374149904eba393\",\"name\":\"DJE\",\"image\":{\"@type\":\"ImageObject\",\"inLanguage\":\"sv-SE\",\"@id\":\"https:\/\/www.spadreams.se\/blog\/#\/schema\/person\/image\/\",\"url\":\"https:\/\/secure.gravatar.com\/avatar\/f36b01db23e32656be61ea6539b690d5?s=96&d=mm&r=g\",\"contentUrl\":\"https:\/\/secure.gravatar.com\/avatar\/f36b01db23e32656be61ea6539b690d5?s=96&d=mm&r=g\",\"caption\":\"DJE\"},\"url\":\"https:\/\/www.spadreams.se\/blog\/author\/danieleverett\/\"}]}<\/script>\n<!-- \/ Yoast SEO plugin. -->","yoast_head_json":{"title":"Kakor med havregryn och valn\u00f6tter","description":"L\u00e4ckra, saftiga, n\u00f6tiga, smuliga och \u2013 allt efter tycke och smak \u2013 dessutom med choklad: V\u00e5ra kakor med havregryn och valn\u00f6tter \u00e4r de perfekta julkakorna.","robots":{"index":"index","follow":"follow","max-snippet":"max-snippet:-1","max-image-preview":"max-image-preview:large","max-video-preview":"max-video-preview:-1"},"og_locale":"sv_SE","og_type":"article","og_title":"Kakor med havregryn och valn\u00f6tter","og_description":"L\u00e4ckra, saftiga, n\u00f6tiga, smuliga och \u2013 allt efter tycke och smak \u2013 dessutom med choklad: V\u00e5ra kakor med havregryn och valn\u00f6tter \u00e4r de perfekta julkakorna.","og_url":"https:\/\/www.spadreams.se\/blog\/kakor-med-havregryn-och-valnotter\/","og_site_name":"SpaDreams Blogg","article_published_time":"2016-12-01T14:43:43+00:00","article_modified_time":"2019-10-17T10:13:20+00:00","og_image":[{"width":1024,"height":682,"url":"https:\/\/www.spadreams.se\/blog\/wp-content\/uploads\/sites\/6\/2016\/12\/cookie-keks-biscuit.jpg","type":"image\/jpeg"}],"author":"DJE","twitter_card":"summary_large_image","twitter_misc":{"Skriven av":"DJE","Ber\u00e4knad l\u00e4stid":"1 minut"},"schema":{"@context":"https:\/\/schema.org","@graph":[{"@type":"WebPage","@id":"https:\/\/www.spadreams.se\/blog\/kakor-med-havregryn-och-valnotter\/","url":"https:\/\/www.spadreams.se\/blog\/kakor-med-havregryn-och-valnotter\/","name":"Kakor med havregryn och valn\u00f6tter","isPartOf":{"@id":"https:\/\/www.spadreams.se\/blog\/#website"},"primaryImageOfPage":{"@id":"https:\/\/www.spadreams.se\/blog\/kakor-med-havregryn-och-valnotter\/#primaryimage"},"image":{"@id":"https:\/\/www.spadreams.se\/blog\/kakor-med-havregryn-och-valnotter\/#primaryimage"},"thumbnailUrl":"https:\/\/www.spadreams.se\/blog\/wp-content\/uploads\/sites\/6\/2016\/12\/cookie-keks-biscuit.jpg","datePublished":"2016-12-01T14:43:43+00:00","dateModified":"2019-10-17T10:13:20+00:00","author":{"@id":"https:\/\/www.spadreams.se\/blog\/#\/schema\/person\/cf085b511fa3785fc374149904eba393"},"description":"L\u00e4ckra, saftiga, n\u00f6tiga, smuliga och \u2013 allt efter tycke och smak \u2013 dessutom med choklad: V\u00e5ra kakor med havregryn och valn\u00f6tter \u00e4r de perfekta julkakorna.","breadcrumb":{"@id":"https:\/\/www.spadreams.se\/blog\/kakor-med-havregryn-och-valnotter\/#breadcrumb"},"inLanguage":"sv-SE","potentialAction":[{"@type":"ReadAction","target":["https:\/\/www.spadreams.se\/blog\/kakor-med-havregryn-och-valnotter\/"]}]},{"@type":"ImageObject","inLanguage":"sv-SE","@id":"https:\/\/www.spadreams.se\/blog\/kakor-med-havregryn-och-valnotter\/#primaryimage","url":"https:\/\/www.spadreams.se\/blog\/wp-content\/uploads\/sites\/6\/2016\/12\/cookie-keks-biscuit.jpg","contentUrl":"https:\/\/www.spadreams.se\/blog\/wp-content\/uploads\/sites\/6\/2016\/12\/cookie-keks-biscuit.jpg","width":1024,"height":682},{"@type":"BreadcrumbList","@id":"https:\/\/www.spadreams.se\/blog\/kakor-med-havregryn-och-valnotter\/#breadcrumb","itemListElement":[{"@type":"ListItem","position":1,"name":"Home","item":"https:\/\/www.spadreams.se\/blog\/"},{"@type":"ListItem","position":2,"name":"Kosth\u00e5llning","item":"https:\/\/www.spadreams.se\/blog\/kosthallning\/"},{"@type":"ListItem","position":3,"name":"Kakor med havregryn och valn\u00f6tter"}]},{"@type":"WebSite","@id":"https:\/\/www.spadreams.se\/blog\/#website","url":"https:\/\/www.spadreams.se\/blog\/","name":"SpaDreams Blogg","description":"Din guide f\u00f6r h\u00e4lsa &amp; wellness resor.","potentialAction":[{"@type":"SearchAction","target":{"@type":"EntryPoint","urlTemplate":"https:\/\/www.spadreams.se\/blog\/?s={search_term_string}"},"query-input":"required name=search_term_string"}],"inLanguage":"sv-SE"},{"@type":"Person","@id":"https:\/\/www.spadreams.se\/blog\/#\/schema\/person\/cf085b511fa3785fc374149904eba393","name":"DJE","image":{"@type":"ImageObject","inLanguage":"sv-SE","@id":"https:\/\/www.spadreams.se\/blog\/#\/schema\/person\/image\/","url":"https:\/\/secure.gravatar.com\/avatar\/f36b01db23e32656be61ea6539b690d5?s=96&d=mm&r=g","contentUrl":"https:\/\/secure.gravatar.com\/avatar\/f36b01db23e32656be61ea6539b690d5?s=96&d=mm&r=g","caption":"DJE"},"url":"https:\/\/www.spadreams.se\/blog\/author\/danieleverett\/"}]}},"_links":{"self":[{"href":"https:\/\/www.spadreams.se\/blog\/wp-json\/wp\/v2\/posts\/315"}],"collection":[{"href":"https:\/\/www.spadreams.se\/blog\/wp-json\/wp\/v2\/posts"}],"about":[{"href":"https:\/\/www.spadreams.se\/blog\/wp-json\/wp\/v2\/types\/post"}],"author":[{"embeddable":true,"href":"https:\/\/www.spadreams.se\/blog\/wp-json\/wp\/v2\/users\/3"}],"replies":[{"embeddable":true,"href":"https:\/\/www.spadreams.se\/blog\/wp-json\/wp\/v2\/comments?post=315"}],"version-history":[{"count":2,"href":"https:\/\/www.spadreams.se\/blog\/wp-json\/wp\/v2\/posts\/315\/revisions"}],"predecessor-version":[{"id":1404,"href":"https:\/\/www.spadreams.se\/blog\/wp-json\/wp\/v2\/posts\/315\/revisions\/1404"}],"wp:featuredmedia":[{"embeddable":true,"href":"https:\/\/www.spadreams.se\/blog\/wp-json\/wp\/v2\/media\/1403"}],"wp:attachment":[{"href":"https:\/\/www.spadreams.se\/blog\/wp-json\/wp\/v2\/media?parent=315"}],"wp:term":[{"taxonomy":"category","embeddable":true,"href":"https:\/\/www.spadreams.se\/blog\/wp-json\/wp\/v2\/categories?post=315"},{"taxonomy":"post_tag","embeddable":true,"href":"https:\/\/www.spadreams.se\/blog\/wp-json\/wp\/v2\/tags?post=315"}],"curies":[{"name":"wp","href":"https:\/\/api.w.org\/{rel}","templated":true}]}}