{"id":828,"date":"2017-11-09T15:41:17","date_gmt":"2017-11-09T15:41:17","guid":{"rendered":"https:\/\/www.spadreams.se\/blog\/?p=828"},"modified":"2019-10-17T09:39:13","modified_gmt":"2019-10-17T09:39:13","slug":"den-basta-tiden-for-att-resa-till-marocko","status":"publish","type":"post","link":"https:\/\/www.spadreams.se\/blog\/den-basta-tiden-for-att-resa-till-marocko\/","title":{"rendered":"Den b\u00e4sta tiden f\u00f6r att resa till Marocko"},"content":{"rendered":"<p><img decoding=\"async\" loading=\"lazy\" class=\"alignnone size-full wp-image-830\" src=\"https:\/\/www.spadreams.se\/blog\/wp-content\/uploads\/sites\/6\/2017\/11\/Marocko.png\" alt=\"Marocko\" width=\"1024\" height=\"512\" srcset=\"https:\/\/www.spadreams.se\/blog\/wp-content\/uploads\/sites\/6\/2017\/11\/Marocko.png 1024w, https:\/\/www.spadreams.se\/blog\/wp-content\/uploads\/sites\/6\/2017\/11\/Marocko-300x150.png 300w, https:\/\/www.spadreams.se\/blog\/wp-content\/uploads\/sites\/6\/2017\/11\/Marocko-768x384.png 768w, https:\/\/www.spadreams.se\/blog\/wp-content\/uploads\/sites\/6\/2017\/11\/Marocko-600x300.png 600w, https:\/\/www.spadreams.se\/blog\/wp-content\/uploads\/sites\/6\/2017\/11\/Marocko-800x400.png 800w\" sizes=\"(max-width: 1024px) 100vw, 1024px\" \/>Den b\u00e4sta tiden f\u00f6r att resa till<strong> <a href=\"https:\/\/www.spadreams.se\/marocko\/\">Marocko<\/a><\/strong>? Det beror p\u00e5 vart du vill resa\u2026 Fascinerande <strong>\u00f6kenlandskap<\/strong>, tv\u00e5 <strong>oceaner<\/strong> med olika <strong>kuster, gr\u00e4ssl\u00e4ttar p\u00e5 h\u00f6gplat\u00e5er<\/strong> och <strong><a href=\"https:\/\/www.spadreams.se\/centrala-atlasbergen-semester-r327\/\">Atlasbergens<\/a> dalar<\/strong>: <strong>Marockos natur<\/strong> har s\u00e5 mycket att erbjuda!<\/p>\n<p><strong><img decoding=\"async\" loading=\"lazy\" class=\"alignnone size-full wp-image-831\" src=\"https:\/\/www.spadreams.se\/blog\/wp-content\/uploads\/sites\/6\/2017\/11\/RS3373_iStock-529456401-lpr.jpg\" alt=\"Marocko Djemaa El Fna Square Marrakech\" width=\"2000\" height=\"1333\" srcset=\"https:\/\/www.spadreams.se\/blog\/wp-content\/uploads\/sites\/6\/2017\/11\/RS3373_iStock-529456401-lpr.jpg 2000w, https:\/\/www.spadreams.se\/blog\/wp-content\/uploads\/sites\/6\/2017\/11\/RS3373_iStock-529456401-lpr-300x200.jpg 300w, https:\/\/www.spadreams.se\/blog\/wp-content\/uploads\/sites\/6\/2017\/11\/RS3373_iStock-529456401-lpr-768x512.jpg 768w, https:\/\/www.spadreams.se\/blog\/wp-content\/uploads\/sites\/6\/2017\/11\/RS3373_iStock-529456401-lpr-1024x682.jpg 1024w, https:\/\/www.spadreams.se\/blog\/wp-content\/uploads\/sites\/6\/2017\/11\/RS3373_iStock-529456401-lpr-1920x1280.jpg 1920w, https:\/\/www.spadreams.se\/blog\/wp-content\/uploads\/sites\/6\/2017\/11\/RS3373_iStock-529456401-lpr-600x400.jpg 600w, https:\/\/www.spadreams.se\/blog\/wp-content\/uploads\/sites\/6\/2017\/11\/RS3373_iStock-529456401-lpr-800x533.jpg 800w, https:\/\/www.spadreams.se\/blog\/wp-content\/uploads\/sites\/6\/2017\/11\/RS3373_iStock-529456401-lpr-227x152.jpg 227w, https:\/\/www.spadreams.se\/blog\/wp-content\/uploads\/sites\/6\/2017\/11\/RS3373_iStock-529456401-lpr-143x96.jpg 143w, https:\/\/www.spadreams.se\/blog\/wp-content\/uploads\/sites\/6\/2017\/11\/RS3373_iStock-529456401-lpr-585x390.jpg 585w, https:\/\/www.spadreams.se\/blog\/wp-content\/uploads\/sites\/6\/2017\/11\/RS3373_iStock-529456401-lpr-385x257.jpg 385w\" sizes=\"(max-width: 2000px) 100vw, 2000px\" \/>Klimatet \u00e4r lika varierat som landskapen<\/strong>. <strong>Marocko<\/strong> \u00e4r indelat i tre klimatzoner. Den inre och syd\u00f6stra delen r\u00e4knas till <strong>\u00f6kenklimatet<\/strong>, kustregionens och nordv\u00e4stliga delens klimat \u00e4r <strong>mediterrant<\/strong>. I Atlasbergen, som bildar en klimatgr\u00e4ns i Marocko, finner du ett<strong> r\u00e5tt bergsklimat<\/strong>. Lika mycket som klimatzonerna skiljer sig fr\u00e5n varandra skiljer sig \u00e4ven de passande restiderna i omr\u00e5dena.<\/p>\n<h3>Den perfekta tiden f\u00f6r att resa till Marockos kust<\/h3>\n<p><strong><img decoding=\"async\" loading=\"lazy\" class=\"alignnone size-full wp-image-832\" src=\"https:\/\/www.spadreams.se\/blog\/wp-content\/uploads\/sites\/6\/2017\/11\/RS1929_iStock_000049887332_Full-lpr.jpg\" alt=\"Marocko Agadir\" width=\"2000\" height=\"1333\" srcset=\"https:\/\/www.spadreams.se\/blog\/wp-content\/uploads\/sites\/6\/2017\/11\/RS1929_iStock_000049887332_Full-lpr.jpg 2000w, https:\/\/www.spadreams.se\/blog\/wp-content\/uploads\/sites\/6\/2017\/11\/RS1929_iStock_000049887332_Full-lpr-300x200.jpg 300w, https:\/\/www.spadreams.se\/blog\/wp-content\/uploads\/sites\/6\/2017\/11\/RS1929_iStock_000049887332_Full-lpr-768x512.jpg 768w, https:\/\/www.spadreams.se\/blog\/wp-content\/uploads\/sites\/6\/2017\/11\/RS1929_iStock_000049887332_Full-lpr-1024x682.jpg 1024w, https:\/\/www.spadreams.se\/blog\/wp-content\/uploads\/sites\/6\/2017\/11\/RS1929_iStock_000049887332_Full-lpr-1920x1280.jpg 1920w, https:\/\/www.spadreams.se\/blog\/wp-content\/uploads\/sites\/6\/2017\/11\/RS1929_iStock_000049887332_Full-lpr-600x400.jpg 600w, https:\/\/www.spadreams.se\/blog\/wp-content\/uploads\/sites\/6\/2017\/11\/RS1929_iStock_000049887332_Full-lpr-800x533.jpg 800w, https:\/\/www.spadreams.se\/blog\/wp-content\/uploads\/sites\/6\/2017\/11\/RS1929_iStock_000049887332_Full-lpr-227x152.jpg 227w, https:\/\/www.spadreams.se\/blog\/wp-content\/uploads\/sites\/6\/2017\/11\/RS1929_iStock_000049887332_Full-lpr-143x96.jpg 143w\" sizes=\"(max-width: 2000px) 100vw, 2000px\" \/>Mars till november<\/strong> inneb\u00e4r torra och heta somrar med genomsnittstemperaturer p\u00e5 <strong>24-26\u00b0C<\/strong> i landets <strong>nordv\u00e4stra del och vid kusten<\/strong>. P\u00e5 n\u00e4tterna kan temperaturerna sjunka till <strong>10\u00b0C<\/strong> under v\u00e5r- och h\u00f6stm\u00e5naderna, p\u00e5 <strong>sommaren<\/strong> blir det s\u00e4llan kallare \u00e4n<strong> 17\u00b0C<\/strong> om natten. Det brukar n\u00e4stan <strong>aldrig<\/strong> <strong>regna<\/strong> p\u00e5 sommarm\u00e5naderna. <strong>F\u00f6r europeiska g\u00e4ster \u00e4r den perfekta restiden mars till november. Utmed kusten svalkar Atlanten.<\/strong> P\u00e5 vinterm\u00e5naderna mellan november och mars ligger snittemperaturen p\u00e5 ca. 16\u00b0C men det regnar v\u00e4ldigt ofta.<\/p>\n<h3>Den b\u00e4sta tiden f\u00f6r en resa till \u00f6knen<\/h3>\n<p><img decoding=\"async\" loading=\"lazy\" class=\"alignnone size-full wp-image-833\" src=\"https:\/\/www.spadreams.se\/blog\/wp-content\/uploads\/sites\/6\/2017\/11\/RS4905_iStock_15922631_XLARGE-lpr.jpg\" alt=\"Marocko \u00d6ken kameler\" width=\"2000\" height=\"1329\" srcset=\"https:\/\/www.spadreams.se\/blog\/wp-content\/uploads\/sites\/6\/2017\/11\/RS4905_iStock_15922631_XLARGE-lpr.jpg 2000w, https:\/\/www.spadreams.se\/blog\/wp-content\/uploads\/sites\/6\/2017\/11\/RS4905_iStock_15922631_XLARGE-lpr-300x199.jpg 300w, https:\/\/www.spadreams.se\/blog\/wp-content\/uploads\/sites\/6\/2017\/11\/RS4905_iStock_15922631_XLARGE-lpr-768x510.jpg 768w, https:\/\/www.spadreams.se\/blog\/wp-content\/uploads\/sites\/6\/2017\/11\/RS4905_iStock_15922631_XLARGE-lpr-1024x680.jpg 1024w, https:\/\/www.spadreams.se\/blog\/wp-content\/uploads\/sites\/6\/2017\/11\/RS4905_iStock_15922631_XLARGE-lpr-1920x1276.jpg 1920w, https:\/\/www.spadreams.se\/blog\/wp-content\/uploads\/sites\/6\/2017\/11\/RS4905_iStock_15922631_XLARGE-lpr-600x399.jpg 600w, https:\/\/www.spadreams.se\/blog\/wp-content\/uploads\/sites\/6\/2017\/11\/RS4905_iStock_15922631_XLARGE-lpr-800x532.jpg 800w, https:\/\/www.spadreams.se\/blog\/wp-content\/uploads\/sites\/6\/2017\/11\/RS4905_iStock_15922631_XLARGE-lpr-227x152.jpg 227w, https:\/\/www.spadreams.se\/blog\/wp-content\/uploads\/sites\/6\/2017\/11\/RS4905_iStock_15922631_XLARGE-lpr-143x96.jpg 143w, https:\/\/www.spadreams.se\/blog\/wp-content\/uploads\/sites\/6\/2017\/11\/RS4905_iStock_15922631_XLARGE-lpr-585x390.jpg 585w, https:\/\/www.spadreams.se\/blog\/wp-content\/uploads\/sites\/6\/2017\/11\/RS4905_iStock_15922631_XLARGE-lpr-385x257.jpg 385w\" sizes=\"(max-width: 2000px) 100vw, 2000px\" \/>Om du vill k\u00e4nna landets inre och syd\u00f6stra del p\u00e5 din Marocko semester \u00e4r det smartast att resa mellan <strong>mars och mai<\/strong> och mellan <strong>oktober och november<\/strong>. Det \u00e4r ofta varmt d\u00e5 men \u00f6kenklimatet blir inte f\u00f6r extremt. P\u00e5 sommarm\u00e5naderna kan temperaturerna ofta n\u00e5 <strong>45\u00b0C<\/strong> och <strong>Scirocco<\/strong>, den heta \u00f6kenstormen fr\u00e5n <strong>Sahara\u00f6knen<\/strong>, kommer med mycket damm.<\/p>\n<h3>Den b\u00e4sta tiden f\u00f6r en resa till Atlasbergen<\/h3>\n<p>Temperaturerna i omr\u00e5dena runt Atlasbergen i inre delen av landet \u00e4r helt olika p\u00e5 grund av h\u00f6jdl\u00e4get. Bergen n\u00e5r maximala h\u00f6jder p\u00e5 4163 m \u00f6ver havet s\u00e5 det \u00e4r vanligt att sn\u00f6ar ofta och mycket i bergen. Beroende p\u00e5 hur h\u00f6ga bergen \u00e4r s\u00e5 ligger det sn\u00f6 fram till sommaren. P\u00e5 de mellersta h\u00f6jdniv\u00e5erna \u00e4r klimatet <strong>mildare, mycket h\u00e4lsosamt<\/strong> och lockar till <a href=\"https:\/\/www.spadreams.se\/spa-i-marocko\/\"><strong>spa- och h\u00e4lsoresor<\/strong><\/a>. Sommarm\u00e5naderna \u00e4r varma men sk\u00f6na p\u00e5 grund av den torra luften. <strong>Om du g\u00e4rna reser s\u00f6derut men inte alltid vill vara p\u00e5 stranden \u00e4r du p\u00e5 precis r\u00e4tt plats h\u00e4r<\/strong>!<\/p>\n<h3>N\u00e4r \u00e4r det smartast att g\u00f6ra en rundresa i Marocko?<\/h3>\n<p><img decoding=\"async\" loading=\"lazy\" class=\"alignnone size-full wp-image-834\" src=\"https:\/\/www.spadreams.se\/blog\/wp-content\/uploads\/sites\/6\/2017\/11\/RS1924_Fotolia_72507217_Subscription_XL-lpr.jpg\" alt=\"Marocko kamel\" width=\"2000\" height=\"1333\" srcset=\"https:\/\/www.spadreams.se\/blog\/wp-content\/uploads\/sites\/6\/2017\/11\/RS1924_Fotolia_72507217_Subscription_XL-lpr.jpg 2000w, https:\/\/www.spadreams.se\/blog\/wp-content\/uploads\/sites\/6\/2017\/11\/RS1924_Fotolia_72507217_Subscription_XL-lpr-300x200.jpg 300w, https:\/\/www.spadreams.se\/blog\/wp-content\/uploads\/sites\/6\/2017\/11\/RS1924_Fotolia_72507217_Subscription_XL-lpr-768x512.jpg 768w, https:\/\/www.spadreams.se\/blog\/wp-content\/uploads\/sites\/6\/2017\/11\/RS1924_Fotolia_72507217_Subscription_XL-lpr-1024x682.jpg 1024w, https:\/\/www.spadreams.se\/blog\/wp-content\/uploads\/sites\/6\/2017\/11\/RS1924_Fotolia_72507217_Subscription_XL-lpr-1920x1280.jpg 1920w, https:\/\/www.spadreams.se\/blog\/wp-content\/uploads\/sites\/6\/2017\/11\/RS1924_Fotolia_72507217_Subscription_XL-lpr-600x400.jpg 600w, https:\/\/www.spadreams.se\/blog\/wp-content\/uploads\/sites\/6\/2017\/11\/RS1924_Fotolia_72507217_Subscription_XL-lpr-800x533.jpg 800w, https:\/\/www.spadreams.se\/blog\/wp-content\/uploads\/sites\/6\/2017\/11\/RS1924_Fotolia_72507217_Subscription_XL-lpr-227x152.jpg 227w, https:\/\/www.spadreams.se\/blog\/wp-content\/uploads\/sites\/6\/2017\/11\/RS1924_Fotolia_72507217_Subscription_XL-lpr-143x96.jpg 143w, https:\/\/www.spadreams.se\/blog\/wp-content\/uploads\/sites\/6\/2017\/11\/RS1924_Fotolia_72507217_Subscription_XL-lpr-585x390.jpg 585w, https:\/\/www.spadreams.se\/blog\/wp-content\/uploads\/sites\/6\/2017\/11\/RS1924_Fotolia_72507217_Subscription_XL-lpr-385x257.jpg 385w\" sizes=\"(max-width: 2000px) 100vw, 2000px\" \/>Klimaten i de olika regionerna \u00e4r <strong>v\u00e4ldigt extrema utanf\u00f6r de perfekta restiderna<\/strong>. Vid en rundresa i Marocko \u00e4r det b\u00e4st att v\u00e4lja \u00f6verg\u00e5ngstiderna i<strong> april\/maj eller oktober\/november<\/strong> f\u00f6r att undvika extrema v\u00e4rmeperioder och regnrika, kalla tider.<\/p>\n<p>Alla som blivit sugna p\u00e5 en Marocko-semester nu och vill informera sig kan g\u00f6ra det h\u00e4r:<\/p>\n<p><a href=\"https:\/\/www.spadreams.se\/search\/?o=3&amp;c=300\"><strong>V\u00e5ra mest popul\u00e4ra hotell i Marocko &gt;&gt;<\/strong><\/a><br>\n<a href=\"https:\/\/www.spadreams.se\/marocko\/\"><strong>Marocko &#8211; Din semesterber\u00e4ttelse om tusen och en natt &gt;&gt;<\/strong><\/a><\/p>\n\n\n<div><span> Nyfiken? Uppt\u00e4ck v\u00e5ra matchande erbjudanden:<\/span><\/div>\n<div class=\"fitOffers\"><div class=\"fitOfferWrapper\"><div class=\"fitOfferUpper\"><a href=\"https:\/\/spadreams.se\/hotel\/paradis-plage-surf-yoga-spa-resort-imi-ouaddar-atlantkusten-658\/\"><img src=\"https:\/\/img.fitreisen.group\/eyJidWNrZXQiOiJmaXRyZWlzZW4tY2RuLWltYWdlcyIsImtleSI6IjdDRjg0QTlEOUY4MTcyNDE2QTQxRURBRTcxN0M5NUU2IiwiZWRpdHMiOnsicmVzaXplIjp7IndpZHRoIjo0MzUsImhlaWdodCI6MjkwLCJmaXQiOiJjb3ZlciIsInBvc2l0aW9uIjoiYXR0ZW50aW9uIn19fQ==?signature=18f00c0e3480dfb1f5f26b74a1e349f864b63d85831233cecd53f3eb3fabf9be\"><\/a><div class=\"offerContent\"><div class=\"row\"><div class=\"col\"><span class=\"offerHl\">Paradis Plage Surf Yoga &amp; Spa Resort<\/span><\/div><\/div><div class=\"row lowHeight\"><div class=\"col lowHeight\"><span class=\"offerLoc\">Marocko &#8211; Atlantkusten &#8211; Imi Ouaddar<\/span><\/div><\/div><\/div><\/div><div class=\"firstOffer\"><div class=\"firstOfferContent\"><div class=\"fiOfName\"><span>Surf &amp; Yoga<\/span><\/div><div class=\"fiOfInf\"><span>6 n&auml;tter, Suite, Frukost<\/span><\/div><\/div><div class=\"\"><a class=\"ofBtnRight firstOfferBtn\" href=\"https:\/\/spadreams.se\/hotel\/paradis-plage-surf-yoga-spa-resort-imi-ouaddar-atlantkusten-658\/#p=658P5NN\"> fr\u00e5n 6384\u20ac<\/a><\/div><\/div><\/div><div class=\"fitOfferWrapper\"><div class=\"fitOfferUpper\"><a href=\"https:\/\/spadreams.se\/hotel\/le-tazarkount-afourer-centrala-atlasbergen-695\/\"><img src=\"https:\/\/img.fitreisen.group\/eyJidWNrZXQiOiJmaXRyZWlzZW4tY2RuLWltYWdlcyIsImtleSI6IkZGNEY3NDJBOTYxMTU1MjhFOTM1OTQ4NEFCNzdBNUI5IiwiZWRpdHMiOnsicmVzaXplIjp7IndpZHRoIjo0MzUsImhlaWdodCI6MjkwLCJmaXQiOiJjb3ZlciIsInBvc2l0aW9uIjoiYXR0ZW50aW9uIn19fQ==?signature=1674476760d8991268734b333b35f83aa520eb51a50bbbf660a7b51193620e75\"><\/a><div class=\"offerContent\"><div class=\"row\"><div class=\"col\"><span class=\"offerHl\">Le Tazarkount<\/span><\/div><\/div><div class=\"row lowHeight\"><div class=\"col lowHeight\"><span class=\"offerLoc\">Marocko &#8211; Centrala Atlasbergen &#8211; Afourer<\/span><\/div><\/div><\/div><\/div><div class=\"firstOffer\"><div class=\"firstOfferContent\"><div class=\"fiOfName\"><span>Upplev Marocko<\/span><\/div><div class=\"fiOfInf\"><span>1 natt, Enkelrum, Helpension<\/span><\/div><\/div><div class=\"\"><a class=\"ofBtnRight firstOfferBtn\" href=\"https:\/\/spadreams.se\/hotel\/le-tazarkount-afourer-centrala-atlasbergen-695\/#p=695P2NN\"> fr\u00e5n 540\u20ac<\/a><\/div><\/div><\/div><div class=\"fitOfferWrapper\"><div class=\"fitOfferUpper\"><a href=\"https:\/\/spadreams.se\/hotel\/movenpick-mansour-eddahbi-marrakech-marrakech-659\/\"><img src=\"https:\/\/img.fitreisen.group\/eyJidWNrZXQiOiJmaXRyZWlzZW4tY2RuLWltYWdlcyIsImtleSI6IkE2MTVGQzRGNDU4QzU5M0M0MjhFMjI0Q0YzMkFDQUE1IiwiZWRpdHMiOnsicmVzaXplIjp7IndpZHRoIjo0MzUsImhlaWdodCI6MjkwLCJmaXQiOiJjb3ZlciIsInBvc2l0aW9uIjoiYXR0ZW50aW9uIn19fQ==?signature=32db166044a2f82e3f6ad103ae23f26592ab680db2d4d00cb2040b80612061be\"><\/a><div class=\"offerContent\"><div class=\"row\"><div class=\"col\"><span class=\"offerHl\">M&ouml;venpick Mansour Eddahbi<\/span><\/div><\/div><div class=\"row lowHeight\"><div class=\"col lowHeight\"><span class=\"offerLoc\">Marocko &#8211; Marrakech &#8211; Marrakech<\/span><\/div><\/div><\/div><\/div><div class=\"firstOffer\"><div class=\"firstOfferContent\"><div class=\"fiOfName\"><span>En paus i Marrakech<\/span><\/div><div class=\"fiOfInf\"><span>1 natt, Dubbelrum, Frukost<\/span><\/div><\/div><div class=\"\"><a class=\"ofBtnRight firstOfferBtn\" href=\"https:\/\/spadreams.se\/hotel\/movenpick-mansour-eddahbi-marrakech-marrakech-659\/#p=659P1NN\"> fr\u00e5n 1080\u20ac<\/a><\/div><\/div><\/div><div class=\"fitOfferWrapper\"><div class=\"fitOfferUpper\"><a href=\"https:\/\/spadreams.se\/hotel\/original-surf-camp-marokko-tamraght-aourir-agadir-Y6I\/\"><img src=\"https:\/\/img.fitreisen.group\/eyJidWNrZXQiOiJmaXRyZWlzZW4tY2RuLWltYWdlcyIsImtleSI6IkNBMjM1RjJBMThBNjZBMDA4RkEzNENENDAzMTEyQzE2IiwiZWRpdHMiOnsicmVzaXplIjp7IndpZHRoIjo0MzUsImhlaWdodCI6MjkwLCJmaXQiOiJjb3ZlciIsInBvc2l0aW9uIjoiYXR0ZW50aW9uIn19fQ==?signature=296f339a6eb57a420abbb2208e75c8458b7907c051f2a03270b8530682f5cec9\"><\/a><div class=\"offerContent\"><div class=\"row\"><div class=\"col\"><span class=\"offerHl\">Original Surf Camp Marokko<\/span><\/div><\/div><div class=\"row lowHeight\"><div class=\"col lowHeight\"><span class=\"offerLoc\">Marocko &#8211; Aourir Agadir  &#8211; Tamraght<\/span><\/div><\/div><\/div><\/div><div class=\"firstOffer\"><div class=\"firstOfferContent\"><div class=\"fiOfName\"><span>Yoga &amp; Surfing<\/span><\/div><div class=\"fiOfInf\"><span>7 n&auml;tter, Dubbelrum, Helpension<\/span><\/div><\/div><div class=\"\"><a class=\"ofBtnRight firstOfferBtn\" href=\"https:\/\/spadreams.se\/hotel\/original-surf-camp-marokko-tamraght-aourir-agadir-Y6I\/#p=Y6IP1NN\"> fr\u00e5n 7184\u20ac<\/a><\/div><\/div><\/div><\/div>\n\n","protected":false},"excerpt":{"rendered":"<p>Den b\u00e4sta tiden f\u00f6r att resa till Marocko? Det beror p\u00e5 vart du vill resa\u2026 Fascinerande \u00f6kenlandskap, tv\u00e5 oceaner med olika kuster, gr\u00e4ssl\u00e4ttar p\u00e5 h\u00f6gplat\u00e5er och Atlasbergens dalar: Marockos natur har s\u00e5 mycket att erbjuda! Klimatet \u00e4r lika varierat som landskapen. Marocko \u00e4r indelat i tre klimatzoner. Den inre och syd\u00f6stra delen r\u00e4knas till \u00f6kenklimatet, [&hellip;]<\/p>\n","protected":false},"author":3,"featured_media":1324,"comment_status":"closed","ping_status":"closed","sticky":false,"template":"","format":"standard","meta":{"wprm-recipe-roundup-name":"","wprm-recipe-roundup-description":"","footnotes":""},"categories":[640],"tags":[59,74,75,285,286,327,355,356,357,358,359,360,407,518],"yoast_head":"<!-- This site is optimized with the Yoast SEO plugin v22.6 - https:\/\/yoast.com\/wordpress\/plugins\/seo\/ -->\n<title>Den b\u00e4sta restiden f\u00f6r Marocko<\/title>\n<meta name=\"description\" content=\"Den b\u00e4sta restiden f\u00f6r Marocko? Det beror p\u00e5 vart du vill resa\u2026 Fascinerande \u00f6kenlandskap, tv\u00e5 oceaner, gr\u00e4ssl\u00e4ttar, h\u00f6gplat\u00e5er och Atlasbergen - l\u00e4s mer!\" \/>\n<meta name=\"robots\" content=\"index, follow, max-snippet:-1, max-image-preview:large, max-video-preview:-1\" \/>\n<meta property=\"og:locale\" content=\"sv_SE\" \/>\n<meta property=\"og:type\" content=\"article\" \/>\n<meta property=\"og:title\" content=\"Den b\u00e4sta restiden f\u00f6r Marocko\" \/>\n<meta property=\"og:description\" content=\"Den b\u00e4sta restiden f\u00f6r Marocko? Det beror p\u00e5 vart du vill resa\u2026 Fascinerande \u00f6kenlandskap, tv\u00e5 oceaner, gr\u00e4ssl\u00e4ttar, h\u00f6gplat\u00e5er och Atlasbergen - l\u00e4s mer!\" \/>\n<meta property=\"og:url\" content=\"https:\/\/www.spadreams.se\/blog\/den-basta-tiden-for-att-resa-till-marocko\/\" \/>\n<meta property=\"og:site_name\" content=\"SpaDreams Blogg\" \/>\n<meta property=\"article:published_time\" content=\"2017-11-09T15:41:17+00:00\" \/>\n<meta property=\"article:modified_time\" content=\"2019-10-17T09:39:13+00:00\" \/>\n<meta property=\"og:image\" content=\"https:\/\/www.spadreams.se\/blog\/wp-content\/uploads\/sites\/6\/2017\/11\/admin-ajax.php_.png\" \/>\n\t<meta property=\"og:image:width\" content=\"400\" \/>\n\t<meta property=\"og:image:height\" content=\"200\" \/>\n\t<meta property=\"og:image:type\" content=\"image\/png\" \/>\n<meta name=\"author\" content=\"DJE\" \/>\n<meta name=\"twitter:card\" content=\"summary_large_image\" \/>\n<meta name=\"twitter:label1\" content=\"Skriven av\" \/>\n\t<meta name=\"twitter:data1\" content=\"DJE\" \/>\n\t<meta name=\"twitter:label2\" content=\"Ber\u00e4knad l\u00e4stid\" \/>\n\t<meta name=\"twitter:data2\" content=\"3 minuter\" \/>\n<script type=\"application\/ld+json\" class=\"yoast-schema-graph\">{\"@context\":\"https:\/\/schema.org\",\"@graph\":[{\"@type\":\"WebPage\",\"@id\":\"https:\/\/www.spadreams.se\/blog\/den-basta-tiden-for-att-resa-till-marocko\/\",\"url\":\"https:\/\/www.spadreams.se\/blog\/den-basta-tiden-for-att-resa-till-marocko\/\",\"name\":\"Den b\u00e4sta restiden f\u00f6r Marocko\",\"isPartOf\":{\"@id\":\"https:\/\/www.spadreams.se\/blog\/#website\"},\"primaryImageOfPage\":{\"@id\":\"https:\/\/www.spadreams.se\/blog\/den-basta-tiden-for-att-resa-till-marocko\/#primaryimage\"},\"image\":{\"@id\":\"https:\/\/www.spadreams.se\/blog\/den-basta-tiden-for-att-resa-till-marocko\/#primaryimage\"},\"thumbnailUrl\":\"https:\/\/www.spadreams.se\/blog\/wp-content\/uploads\/sites\/6\/2017\/11\/admin-ajax.php_.png\",\"datePublished\":\"2017-11-09T15:41:17+00:00\",\"dateModified\":\"2019-10-17T09:39:13+00:00\",\"author\":{\"@id\":\"https:\/\/www.spadreams.se\/blog\/#\/schema\/person\/cf085b511fa3785fc374149904eba393\"},\"description\":\"Den b\u00e4sta restiden f\u00f6r Marocko? Det beror p\u00e5 vart du vill resa\u2026 Fascinerande \u00f6kenlandskap, tv\u00e5 oceaner, gr\u00e4ssl\u00e4ttar, h\u00f6gplat\u00e5er och Atlasbergen - l\u00e4s mer!\",\"breadcrumb\":{\"@id\":\"https:\/\/www.spadreams.se\/blog\/den-basta-tiden-for-att-resa-till-marocko\/#breadcrumb\"},\"inLanguage\":\"sv-SE\",\"potentialAction\":[{\"@type\":\"ReadAction\",\"target\":[\"https:\/\/www.spadreams.se\/blog\/den-basta-tiden-for-att-resa-till-marocko\/\"]}]},{\"@type\":\"ImageObject\",\"inLanguage\":\"sv-SE\",\"@id\":\"https:\/\/www.spadreams.se\/blog\/den-basta-tiden-for-att-resa-till-marocko\/#primaryimage\",\"url\":\"https:\/\/www.spadreams.se\/blog\/wp-content\/uploads\/sites\/6\/2017\/11\/admin-ajax.php_.png\",\"contentUrl\":\"https:\/\/www.spadreams.se\/blog\/wp-content\/uploads\/sites\/6\/2017\/11\/admin-ajax.php_.png\",\"width\":400,\"height\":200,\"caption\":\"Marocko\"},{\"@type\":\"BreadcrumbList\",\"@id\":\"https:\/\/www.spadreams.se\/blog\/den-basta-tiden-for-att-resa-till-marocko\/#breadcrumb\",\"itemListElement\":[{\"@type\":\"ListItem\",\"position\":1,\"name\":\"Home\",\"item\":\"https:\/\/www.spadreams.se\/blog\/\"},{\"@type\":\"ListItem\",\"position\":2,\"name\":\"Resetips &amp; Reserapporter\",\"item\":\"https:\/\/www.spadreams.se\/blog\/resetips-reserapporter\/\"},{\"@type\":\"ListItem\",\"position\":3,\"name\":\"Den b\u00e4sta tiden f\u00f6r att resa till Marocko\"}]},{\"@type\":\"WebSite\",\"@id\":\"https:\/\/www.spadreams.se\/blog\/#website\",\"url\":\"https:\/\/www.spadreams.se\/blog\/\",\"name\":\"SpaDreams Blogg\",\"description\":\"Din guide f\u00f6r h\u00e4lsa &amp; wellness resor.\",\"potentialAction\":[{\"@type\":\"SearchAction\",\"target\":{\"@type\":\"EntryPoint\",\"urlTemplate\":\"https:\/\/www.spadreams.se\/blog\/?s={search_term_string}\"},\"query-input\":\"required name=search_term_string\"}],\"inLanguage\":\"sv-SE\"},{\"@type\":\"Person\",\"@id\":\"https:\/\/www.spadreams.se\/blog\/#\/schema\/person\/cf085b511fa3785fc374149904eba393\",\"name\":\"DJE\",\"image\":{\"@type\":\"ImageObject\",\"inLanguage\":\"sv-SE\",\"@id\":\"https:\/\/www.spadreams.se\/blog\/#\/schema\/person\/image\/\",\"url\":\"https:\/\/secure.gravatar.com\/avatar\/f36b01db23e32656be61ea6539b690d5?s=96&d=mm&r=g\",\"contentUrl\":\"https:\/\/secure.gravatar.com\/avatar\/f36b01db23e32656be61ea6539b690d5?s=96&d=mm&r=g\",\"caption\":\"DJE\"},\"url\":\"https:\/\/www.spadreams.se\/blog\/author\/danieleverett\/\"}]}<\/script>\n<!-- \/ Yoast SEO plugin. -->","yoast_head_json":{"title":"Den b\u00e4sta restiden f\u00f6r Marocko","description":"Den b\u00e4sta restiden f\u00f6r Marocko? Det beror p\u00e5 vart du vill resa\u2026 Fascinerande \u00f6kenlandskap, tv\u00e5 oceaner, gr\u00e4ssl\u00e4ttar, h\u00f6gplat\u00e5er och Atlasbergen - l\u00e4s mer!","robots":{"index":"index","follow":"follow","max-snippet":"max-snippet:-1","max-image-preview":"max-image-preview:large","max-video-preview":"max-video-preview:-1"},"og_locale":"sv_SE","og_type":"article","og_title":"Den b\u00e4sta restiden f\u00f6r Marocko","og_description":"Den b\u00e4sta restiden f\u00f6r Marocko? Det beror p\u00e5 vart du vill resa\u2026 Fascinerande \u00f6kenlandskap, tv\u00e5 oceaner, gr\u00e4ssl\u00e4ttar, h\u00f6gplat\u00e5er och Atlasbergen - l\u00e4s mer!","og_url":"https:\/\/www.spadreams.se\/blog\/den-basta-tiden-for-att-resa-till-marocko\/","og_site_name":"SpaDreams Blogg","article_published_time":"2017-11-09T15:41:17+00:00","article_modified_time":"2019-10-17T09:39:13+00:00","og_image":[{"width":400,"height":200,"url":"https:\/\/www.spadreams.se\/blog\/wp-content\/uploads\/sites\/6\/2017\/11\/admin-ajax.php_.png","type":"image\/png"}],"author":"DJE","twitter_card":"summary_large_image","twitter_misc":{"Skriven av":"DJE","Ber\u00e4knad l\u00e4stid":"3 minuter"},"schema":{"@context":"https:\/\/schema.org","@graph":[{"@type":"WebPage","@id":"https:\/\/www.spadreams.se\/blog\/den-basta-tiden-for-att-resa-till-marocko\/","url":"https:\/\/www.spadreams.se\/blog\/den-basta-tiden-for-att-resa-till-marocko\/","name":"Den b\u00e4sta restiden f\u00f6r Marocko","isPartOf":{"@id":"https:\/\/www.spadreams.se\/blog\/#website"},"primaryImageOfPage":{"@id":"https:\/\/www.spadreams.se\/blog\/den-basta-tiden-for-att-resa-till-marocko\/#primaryimage"},"image":{"@id":"https:\/\/www.spadreams.se\/blog\/den-basta-tiden-for-att-resa-till-marocko\/#primaryimage"},"thumbnailUrl":"https:\/\/www.spadreams.se\/blog\/wp-content\/uploads\/sites\/6\/2017\/11\/admin-ajax.php_.png","datePublished":"2017-11-09T15:41:17+00:00","dateModified":"2019-10-17T09:39:13+00:00","author":{"@id":"https:\/\/www.spadreams.se\/blog\/#\/schema\/person\/cf085b511fa3785fc374149904eba393"},"description":"Den b\u00e4sta restiden f\u00f6r Marocko? Det beror p\u00e5 vart du vill resa\u2026 Fascinerande \u00f6kenlandskap, tv\u00e5 oceaner, gr\u00e4ssl\u00e4ttar, h\u00f6gplat\u00e5er och Atlasbergen - l\u00e4s mer!","breadcrumb":{"@id":"https:\/\/www.spadreams.se\/blog\/den-basta-tiden-for-att-resa-till-marocko\/#breadcrumb"},"inLanguage":"sv-SE","potentialAction":[{"@type":"ReadAction","target":["https:\/\/www.spadreams.se\/blog\/den-basta-tiden-for-att-resa-till-marocko\/"]}]},{"@type":"ImageObject","inLanguage":"sv-SE","@id":"https:\/\/www.spadreams.se\/blog\/den-basta-tiden-for-att-resa-till-marocko\/#primaryimage","url":"https:\/\/www.spadreams.se\/blog\/wp-content\/uploads\/sites\/6\/2017\/11\/admin-ajax.php_.png","contentUrl":"https:\/\/www.spadreams.se\/blog\/wp-content\/uploads\/sites\/6\/2017\/11\/admin-ajax.php_.png","width":400,"height":200,"caption":"Marocko"},{"@type":"BreadcrumbList","@id":"https:\/\/www.spadreams.se\/blog\/den-basta-tiden-for-att-resa-till-marocko\/#breadcrumb","itemListElement":[{"@type":"ListItem","position":1,"name":"Home","item":"https:\/\/www.spadreams.se\/blog\/"},{"@type":"ListItem","position":2,"name":"Resetips &amp; Reserapporter","item":"https:\/\/www.spadreams.se\/blog\/resetips-reserapporter\/"},{"@type":"ListItem","position":3,"name":"Den b\u00e4sta tiden f\u00f6r att resa till Marocko"}]},{"@type":"WebSite","@id":"https:\/\/www.spadreams.se\/blog\/#website","url":"https:\/\/www.spadreams.se\/blog\/","name":"SpaDreams Blogg","description":"Din guide f\u00f6r h\u00e4lsa &amp; wellness resor.","potentialAction":[{"@type":"SearchAction","target":{"@type":"EntryPoint","urlTemplate":"https:\/\/www.spadreams.se\/blog\/?s={search_term_string}"},"query-input":"required name=search_term_string"}],"inLanguage":"sv-SE"},{"@type":"Person","@id":"https:\/\/www.spadreams.se\/blog\/#\/schema\/person\/cf085b511fa3785fc374149904eba393","name":"DJE","image":{"@type":"ImageObject","inLanguage":"sv-SE","@id":"https:\/\/www.spadreams.se\/blog\/#\/schema\/person\/image\/","url":"https:\/\/secure.gravatar.com\/avatar\/f36b01db23e32656be61ea6539b690d5?s=96&d=mm&r=g","contentUrl":"https:\/\/secure.gravatar.com\/avatar\/f36b01db23e32656be61ea6539b690d5?s=96&d=mm&r=g","caption":"DJE"},"url":"https:\/\/www.spadreams.se\/blog\/author\/danieleverett\/"}]}},"_links":{"self":[{"href":"https:\/\/www.spadreams.se\/blog\/wp-json\/wp\/v2\/posts\/828"}],"collection":[{"href":"https:\/\/www.spadreams.se\/blog\/wp-json\/wp\/v2\/posts"}],"about":[{"href":"https:\/\/www.spadreams.se\/blog\/wp-json\/wp\/v2\/types\/post"}],"author":[{"embeddable":true,"href":"https:\/\/www.spadreams.se\/blog\/wp-json\/wp\/v2\/users\/3"}],"replies":[{"embeddable":true,"href":"https:\/\/www.spadreams.se\/blog\/wp-json\/wp\/v2\/comments?post=828"}],"version-history":[{"count":2,"href":"https:\/\/www.spadreams.se\/blog\/wp-json\/wp\/v2\/posts\/828\/revisions"}],"predecessor-version":[{"id":1350,"href":"https:\/\/www.spadreams.se\/blog\/wp-json\/wp\/v2\/posts\/828\/revisions\/1350"}],"wp:featuredmedia":[{"embeddable":true,"href":"https:\/\/www.spadreams.se\/blog\/wp-json\/wp\/v2\/media\/1324"}],"wp:attachment":[{"href":"https:\/\/www.spadreams.se\/blog\/wp-json\/wp\/v2\/media?parent=828"}],"wp:term":[{"taxonomy":"category","embeddable":true,"href":"https:\/\/www.spadreams.se\/blog\/wp-json\/wp\/v2\/categories?post=828"},{"taxonomy":"post_tag","embeddable":true,"href":"https:\/\/www.spadreams.se\/blog\/wp-json\/wp\/v2\/tags?post=828"}],"curies":[{"name":"wp","href":"https:\/\/api.w.org\/{rel}","templated":true}]}}